{"id":9442,"date":"2025-02-21T16:28:45","date_gmt":"2025-02-21T16:28:45","guid":{"rendered":"https:\/\/trb.ba\/?p=9442"},"modified":"2025-02-21T16:29:49","modified_gmt":"2025-02-21T16:29:49","slug":"vihor-opens-doors-to-the-demanding-uae-market-remarkable-success-at-the-abu-dhabi-exhibition","status":"publish","type":"post","link":"https:\/\/trb.ba\/sr\/vihor-opens-doors-to-the-demanding-uae-market-remarkable-success-at-the-abu-dhabi-exhibition\/","title":{"rendered":"\u201cVIHOR\u201d OTVORIO VRATA ZAHTJEVNOG TR\u017dI\u0160TA UAE \u2013 IZUZETAN USPJEH NA SAJMU U ABU DABIJU"},"content":{"rendered":"<h1><span>\u201cVIHOR\u201d OTVORIO VRATA ZAHTJEVNOG TR\u017dI\u0160TA UAE \u2013 IZUZETAN USPJEH NA SAJMU U ABU DABIJU<\/span><\/h1>\n<p>Tehni\u010dki Remont Bratunac uspje\u0161no je predstavio svoje najnovije proizvode na presti\u017enom sajmu odbrambene industrije IDEX 2025 koji je odr\u017ean u Abu Dabiju, u Ujedinjenim Arapskim Emiratima.<\/p>\n<p>Poseban fokus bio je na na\u0161em lakom takti\u010dkom vozilu VIHOR LTV, koje je privuklo zna\u010dajnu pa\u017enju stru\u010dne javnosti i potencijalnih kupaca. \u010cinjenica da smo imali priliku da se predstavimo na centralnom \u0161tandu International Golden Group-a pod pokroviteljstvom EDGE Group-a potvr\u0111uje visok kvalitet proizvoda i sna\u017enu tr\u017ei\u0161nu poziciju kompanije.<\/p>\n<p><img fetchpriority=\"high\" decoding=\"async\" class=\"alignnone wp-image-9445 size-full\" src=\"https:\/\/trb.ba\/wp-content\/uploads\/2025\/02\/ides-2025-3.jpeg\" alt=\"\" width=\"1600\" height=\"1200\" srcset=\"https:\/\/trb.ba\/wp-content\/uploads\/2025\/02\/ides-2025-3.jpeg 1600w, https:\/\/trb.ba\/wp-content\/uploads\/2025\/02\/ides-2025-3-300x225.jpeg 300w, https:\/\/trb.ba\/wp-content\/uploads\/2025\/02\/ides-2025-3-1024x768.jpeg 1024w, https:\/\/trb.ba\/wp-content\/uploads\/2025\/02\/ides-2025-3-768x576.jpeg 768w, https:\/\/trb.ba\/wp-content\/uploads\/2025\/02\/ides-2025-3-1536x1152.jpeg 1536w, https:\/\/trb.ba\/wp-content\/uploads\/2025\/02\/ides-2025-3-16x12.jpeg 16w, https:\/\/trb.ba\/wp-content\/uploads\/2025\/02\/ides-2025-3-1366x1025.jpeg 1366w, https:\/\/trb.ba\/wp-content\/uploads\/2025\/02\/ides-2025-3-750x563.jpeg 750w, https:\/\/trb.ba\/wp-content\/uploads\/2025\/02\/ides-2025-3-1140x855.jpeg 1140w\" sizes=\"(max-width: 1600px) 100vw, 1600px\" \/><\/p>\n<p>VIHOR LTV je u svojoj kategoriji bio jedino izabrano oklopno vozilo koje je predstavljeno na ovaj na\u010din, \u0161to je izuzetan uspjeh TRB-ovih in\u017eenjera i konstruktora, ali i potvrda ozbiljnih poslovnih potencijala za industriju Republike Srpske i cijelog regiona.<\/p>\n<p>Pored izuzetne prezentacije VIHOR-a, TRB delegacija je tokom sajma uspje\u0161no zaklju\u010dila i definisala niz ugovora sa partnerima iz Azerbejd\u017eana, Indonezije, Jordana, Saudijske Arabije i drugih tr\u017ei\u0161ta za razli\u010dite proizvode iz svog \u0161irokog portfolija. Ovi sporazumi potvr\u0111uju rastu\u0107u prisutnost TRB-a na me\u0111unarodnoj sceni i otvaraju vrata za dalju ekspanziju i strate\u0161ke saradnje.<\/p>\n<p>Prepoznati i prihva\u0107eni kao partneri IGG-a i UAE o\u010dekujemo uspje\u0161nu realizaciju postoje\u0107ih projekata, posebno nakon veoma uspje\u0161nih testiranja vozila VIHOR i izuzetnih rezultata koje smo ve\u0107 postigli na \u201cSummer Trials\u201d, presti\u017enom, svjetski priznatom i jednom od najve\u0107ih testiranja oklopnih i borbenih vozila.<\/p>\n<p><img decoding=\"async\" class=\"alignnone wp-image-9444 size-full\" src=\"https:\/\/trb.ba\/wp-content\/uploads\/2025\/02\/ides-2025-2.jpeg\" alt=\"\" width=\"1200\" height=\"1600\" srcset=\"https:\/\/trb.ba\/wp-content\/uploads\/2025\/02\/ides-2025-2.jpeg 1200w, https:\/\/trb.ba\/wp-content\/uploads\/2025\/02\/ides-2025-2-225x300.jpeg 225w, https:\/\/trb.ba\/wp-content\/uploads\/2025\/02\/ides-2025-2-768x1024.jpeg 768w, https:\/\/trb.ba\/wp-content\/uploads\/2025\/02\/ides-2025-2-1152x1536.jpeg 1152w, https:\/\/trb.ba\/wp-content\/uploads\/2025\/02\/ides-2025-2-9x12.jpeg 9w, https:\/\/trb.ba\/wp-content\/uploads\/2025\/02\/ides-2025-2-750x1000.jpeg 750w, https:\/\/trb.ba\/wp-content\/uploads\/2025\/02\/ides-2025-2-1140x1520.jpeg 1140w\" sizes=\"(max-width: 1200px) 100vw, 1200px\" \/><\/p>\n<p>Osim toga, planirani su i novi, zajedni\u010dki razvojni projekti koji \u0107e u mnogome uticati na nastavak dosada\u0161nje saradnje i napredak TRB-a na zahtjevnom tr\u017ei\u0161tu UAE.<\/p>\n<p>Zahvaljujemo organizatorima i na\u0161im partnerima iz IGG-a, koji su prepoznali vrijednost na\u0161eg rada i omogu\u0107ili nam da se predstavimo na najvi\u0161em nivou. Sa velikim optimizmom o\u010dekujemo naredne korake i sa sigurno\u0161\u0107u poru\u010dujemo da \u0107e iz TRB-a uskoro sti\u0107i jo\u0161 dobrih vijesti.<\/p>\n<p>Svoje proizvode TRB je \u010detvrti put predstavio na ovoj svjetskoj manifestaciji  naoru\u017eanja i nastavlja da u kontinuitetu ula\u017ee u sve segmente razvoja, od ma\u0161ina, ljudskih resursa, do marketinga i u\u010de\u0161\u0107a na sajmovima, s ciljem razvoja namjenske industrije u Republici Srpskoj i stvaranja kvalitetnih, doma\u0107ih proizvoda iz ove oblasti.<\/p>\n<p>Vidimo se ponovo na IDEX 2027 u Abu Dabiju.<\/p>\n<p>TRB tim.<\/p>\n<p><img decoding=\"async\" class=\"alignnone wp-image-9443 size-full\" src=\"https:\/\/trb.ba\/wp-content\/uploads\/2025\/02\/ides-2025-1.jpeg\" alt=\"\" width=\"1600\" height=\"1200\" srcset=\"https:\/\/trb.ba\/wp-content\/uploads\/2025\/02\/ides-2025-1.jpeg 1600w, https:\/\/trb.ba\/wp-content\/uploads\/2025\/02\/ides-2025-1-300x225.jpeg 300w, https:\/\/trb.ba\/wp-content\/uploads\/2025\/02\/ides-2025-1-1024x768.jpeg 1024w, https:\/\/trb.ba\/wp-content\/uploads\/2025\/02\/ides-2025-1-768x576.jpeg 768w, https:\/\/trb.ba\/wp-content\/uploads\/2025\/02\/ides-2025-1-1536x1152.jpeg 1536w, https:\/\/trb.ba\/wp-content\/uploads\/2025\/02\/ides-2025-1-16x12.jpeg 16w, https:\/\/trb.ba\/wp-content\/uploads\/2025\/02\/ides-2025-1-1366x1025.jpeg 1366w, https:\/\/trb.ba\/wp-content\/uploads\/2025\/02\/ides-2025-1-750x563.jpeg 750w, https:\/\/trb.ba\/wp-content\/uploads\/2025\/02\/ides-2025-1-1140x855.jpeg 1140w\" sizes=\"(max-width: 1600px) 100vw, 1600px\" \/><\/p>","protected":false},"excerpt":{"rendered":"<p>&#8220;VIHOR&#8221; OPENS DOORS TO THE DEMANDING UAE MARKET \u2013 REMARKABLE SUCCESS AT THE ABU DHABI EXHIBITION Tehni\u010dki Remont Bratunac successfully presented its latest products at the prestigious defense industry exhibition IDEX 2025, held in Abu Dhabi, United Arab Emirates. The main focus was on our light tactical vehicle, the VIHOR LTV, which attracted significant attention [&hellip;]<\/p>","protected":false},"author":27,"featured_media":0,"comment_status":"open","ping_status":"open","sticky":false,"template":"","format":"standard","meta":{"_acf_changed":false,"footnotes":""},"categories":[1],"tags":[],"acf":[],"_links":{"self":[{"href":"https:\/\/trb.ba\/sr\/wp-json\/wp\/v2\/posts\/9442"}],"collection":[{"href":"https:\/\/trb.ba\/sr\/wp-json\/wp\/v2\/posts"}],"about":[{"href":"https:\/\/trb.ba\/sr\/wp-json\/wp\/v2\/types\/post"}],"author":[{"embeddable":true,"href":"https:\/\/trb.ba\/sr\/wp-json\/wp\/v2\/users\/27"}],"replies":[{"embeddable":true,"href":"https:\/\/trb.ba\/sr\/wp-json\/wp\/v2\/comments?post=9442"}],"version-history":[{"count":3,"href":"https:\/\/trb.ba\/sr\/wp-json\/wp\/v2\/posts\/9442\/revisions"}],"predecessor-version":[{"id":9448,"href":"https:\/\/trb.ba\/sr\/wp-json\/wp\/v2\/posts\/9442\/revisions\/9448"}],"wp:attachment":[{"href":"https:\/\/trb.ba\/sr\/wp-json\/wp\/v2\/media?parent=9442"}],"wp:term":[{"taxonomy":"category","embeddable":true,"href":"https:\/\/trb.ba\/sr\/wp-json\/wp\/v2\/categories?post=9442"},{"taxonomy":"post_tag","embeddable":true,"href":"https:\/\/trb.ba\/sr\/wp-json\/wp\/v2\/tags?post=9442"}],"curies":[{"name":"wp","href":"https:\/\/api.w.org\/{rel}","templated":true}]}}