{"id":7383,"date":"2020-12-01T16:27:44","date_gmt":"2020-12-01T16:27:44","guid":{"rendered":"https:\/\/trb.ba\/?p=7383"},"modified":"2020-12-01T16:38:35","modified_gmt":"2020-12-01T16:38:35","slug":"visit-to-the-first-president-of-namibia","status":"publish","type":"post","link":"https:\/\/trb.ba\/sr\/visit-to-the-first-president-of-namibia\/","title":{"rendered":"Poseta prvom predsedniku Namibije"},"content":{"rendered":"<p class=\"p1\">Danas je delegacija kompanije TRB na \u010delu sa vlasnikom Slavenom Risticem imala \u010dast i privilegiju da poseti gospodina Sama Nujomu, prvog predsednika Namibije, koji je poznat i kao Otac nacije.<\/p>\n<p class=\"p1\">U vrlo prijatnoj atmosferi, na sveukupno zadovljstvo diskutovano je na koje na\u010dine je moguce produbiti ve\u0107 tradicionalno prijateljske odnose na\u0161ih dveju zemalja.<span class=\"Apple-converted-space\">\u00a0<\/span><\/p>\n<p class=\"p1\">Ovom prilikom gospodinu Nujomi poklonjena modifikovana pu\u0161ka PAP, u znak sje\u0107anja na pomo\u0107 od strane biv\u0161e Jugoslavije tokom njihove borbe za nezavisnost.<\/p>\n\n\t\t<style type=\"text\/css\">\n\t\t\t#gallery-1 {\n\t\t\t\tmargin: auto;\n\t\t\t}\n\t\t\t#gallery-1 .gallery-item {\n\t\t\t\tfloat: left;\n\t\t\t\tmargin-top: 10px;\n\t\t\t\ttext-align: center;\n\t\t\t\twidth: 33%;\n\t\t\t}\n\t\t\t#gallery-1 img {\n\t\t\t\tborder: 2px solid #cfcfcf;\n\t\t\t}\n\t\t\t#gallery-1 .gallery-caption {\n\t\t\t\tmargin-left: 0;\n\t\t\t}\n\t\t\t\/* see gallery_shortcode() in wp-includes\/media.php *\/\n\t\t<\/style>\n\t\t<div id='gallery-1' class='gallery galleryid-7383 gallery-columns-3 gallery-size-thumbnail'><dl class='gallery-item'>\n\t\t\t<dt class='gallery-icon portrait'>\n\t\t\t\t<a href='https:\/\/trb.ba\/sr\/visit-to-the-first-president-of-namibia\/visit-to-the-first-president-of-namibia-1\/'><img decoding=\"async\" width=\"150\" height=\"150\" src=\"https:\/\/trb.ba\/wp-content\/uploads\/2020\/12\/Visit-to-the-first-president-of-Namibia-1-150x150.jpeg\" class=\"attachment-thumbnail size-thumbnail\" alt=\"\" srcset=\"https:\/\/trb.ba\/wp-content\/uploads\/2020\/12\/Visit-to-the-first-president-of-Namibia-1-150x150.jpeg 150w, https:\/\/trb.ba\/wp-content\/uploads\/2020\/12\/Visit-to-the-first-president-of-Namibia-1-700x700.jpeg 700w, https:\/\/trb.ba\/wp-content\/uploads\/2020\/12\/Visit-to-the-first-president-of-Namibia-1-120x120.jpeg 120w, https:\/\/trb.ba\/wp-content\/uploads\/2020\/12\/Visit-to-the-first-president-of-Namibia-1-24x24.jpeg 24w, https:\/\/trb.ba\/wp-content\/uploads\/2020\/12\/Visit-to-the-first-president-of-Namibia-1-48x48.jpeg 48w, https:\/\/trb.ba\/wp-content\/uploads\/2020\/12\/Visit-to-the-first-president-of-Namibia-1-96x96.jpeg 96w, https:\/\/trb.ba\/wp-content\/uploads\/2020\/12\/Visit-to-the-first-president-of-Namibia-1-300x300.jpeg 300w, https:\/\/trb.ba\/wp-content\/uploads\/2020\/12\/Visit-to-the-first-president-of-Namibia-1-75x75.jpeg 75w\" sizes=\"(max-width: 150px) 100vw, 150px\" title=\"Visit to the first president of Namibia 1\" \/><\/a>\n\t\t\t<\/dt><\/dl><dl class='gallery-item'>\n\t\t\t<dt class='gallery-icon landscape'>\n\t\t\t\t<a href='https:\/\/trb.ba\/sr\/visit-to-the-first-president-of-namibia\/visit-to-the-first-president-of-namibia-2\/'><img decoding=\"async\" width=\"150\" height=\"150\" src=\"https:\/\/trb.ba\/wp-content\/uploads\/2020\/12\/Visit-to-the-first-president-of-Namibia-2-150x150.jpeg\" class=\"attachment-thumbnail size-thumbnail\" alt=\"\" srcset=\"https:\/\/trb.ba\/wp-content\/uploads\/2020\/12\/Visit-to-the-first-president-of-Namibia-2-150x150.jpeg 150w, https:\/\/trb.ba\/wp-content\/uploads\/2020\/12\/Visit-to-the-first-president-of-Namibia-2-700x700.jpeg 700w, https:\/\/trb.ba\/wp-content\/uploads\/2020\/12\/Visit-to-the-first-president-of-Namibia-2-120x120.jpeg 120w, https:\/\/trb.ba\/wp-content\/uploads\/2020\/12\/Visit-to-the-first-president-of-Namibia-2-24x24.jpeg 24w, https:\/\/trb.ba\/wp-content\/uploads\/2020\/12\/Visit-to-the-first-president-of-Namibia-2-48x48.jpeg 48w, https:\/\/trb.ba\/wp-content\/uploads\/2020\/12\/Visit-to-the-first-president-of-Namibia-2-96x96.jpeg 96w, https:\/\/trb.ba\/wp-content\/uploads\/2020\/12\/Visit-to-the-first-president-of-Namibia-2-300x300.jpeg 300w, https:\/\/trb.ba\/wp-content\/uploads\/2020\/12\/Visit-to-the-first-president-of-Namibia-2-75x75.jpeg 75w\" sizes=\"(max-width: 150px) 100vw, 150px\" title=\"Visit to the first president of Namibia 2\" \/><\/a>\n\t\t\t<\/dt><\/dl><dl class='gallery-item'>\n\t\t\t<dt class='gallery-icon landscape'>\n\t\t\t\t<a href='https:\/\/trb.ba\/sr\/visit-to-the-first-president-of-namibia\/visit-to-the-first-president-of-namibia-3\/'><img decoding=\"async\" width=\"150\" height=\"150\" src=\"https:\/\/trb.ba\/wp-content\/uploads\/2020\/12\/Visit-to-the-first-president-of-Namibia-3-150x150.jpeg\" class=\"attachment-thumbnail size-thumbnail\" alt=\"\" srcset=\"https:\/\/trb.ba\/wp-content\/uploads\/2020\/12\/Visit-to-the-first-president-of-Namibia-3-150x150.jpeg 150w, https:\/\/trb.ba\/wp-content\/uploads\/2020\/12\/Visit-to-the-first-president-of-Namibia-3-700x700.jpeg 700w, https:\/\/trb.ba\/wp-content\/uploads\/2020\/12\/Visit-to-the-first-president-of-Namibia-3-120x120.jpeg 120w, https:\/\/trb.ba\/wp-content\/uploads\/2020\/12\/Visit-to-the-first-president-of-Namibia-3-24x24.jpeg 24w, https:\/\/trb.ba\/wp-content\/uploads\/2020\/12\/Visit-to-the-first-president-of-Namibia-3-48x48.jpeg 48w, https:\/\/trb.ba\/wp-content\/uploads\/2020\/12\/Visit-to-the-first-president-of-Namibia-3-96x96.jpeg 96w, https:\/\/trb.ba\/wp-content\/uploads\/2020\/12\/Visit-to-the-first-president-of-Namibia-3-300x300.jpeg 300w, https:\/\/trb.ba\/wp-content\/uploads\/2020\/12\/Visit-to-the-first-president-of-Namibia-3-75x75.jpeg 75w\" sizes=\"(max-width: 150px) 100vw, 150px\" title=\"Visit to the first president of Namibia 3\" \/><\/a>\n\t\t\t<\/dt><\/dl><br style=\"clear: both\" \/>\n\t\t<\/div>\n\n<p class=\"p1\">Posjeti su prisustvovali  generalni direktor TRB Slaven Risti\u0107, country manager Mirjana \u0160arenac Mi\u010di\u0107, po\u010dasni konzul Namibije u Beogradu Vasilije Boskovi\u0107, Dragana Boskovi\u0107 supruga po\u010dasnog konzula i Rade Boskovi\u0107 business development manager TRB-a.<\/p>","protected":false},"excerpt":{"rendered":"<p>Today, the delegation of the company TRB, led by the owner Slaven Ristic, had the honor and privilege to visit Mr. Sam Nujomu, the first president of Namibia, who is also known as the Father of the Nation. In a very pleasant atmosphere, to the overall satisfaction, it was discussed in what ways it is [&hellip;]<\/p>","protected":false},"author":4,"featured_media":7384,"comment_status":"open","ping_status":"open","sticky":false,"template":"","format":"standard","meta":{"_acf_changed":false,"footnotes":""},"categories":[1],"tags":[],"acf":[],"_links":{"self":[{"href":"https:\/\/trb.ba\/sr\/wp-json\/wp\/v2\/posts\/7383"}],"collection":[{"href":"https:\/\/trb.ba\/sr\/wp-json\/wp\/v2\/posts"}],"about":[{"href":"https:\/\/trb.ba\/sr\/wp-json\/wp\/v2\/types\/post"}],"author":[{"embeddable":true,"href":"https:\/\/trb.ba\/sr\/wp-json\/wp\/v2\/users\/4"}],"replies":[{"embeddable":true,"href":"https:\/\/trb.ba\/sr\/wp-json\/wp\/v2\/comments?post=7383"}],"version-history":[{"count":0,"href":"https:\/\/trb.ba\/sr\/wp-json\/wp\/v2\/posts\/7383\/revisions"}],"wp:featuredmedia":[{"embeddable":true,"href":"https:\/\/trb.ba\/sr\/wp-json\/wp\/v2\/media\/7384"}],"wp:attachment":[{"href":"https:\/\/trb.ba\/sr\/wp-json\/wp\/v2\/media?parent=7383"}],"wp:term":[{"taxonomy":"category","embeddable":true,"href":"https:\/\/trb.ba\/sr\/wp-json\/wp\/v2\/categories?post=7383"},{"taxonomy":"post_tag","embeddable":true,"href":"https:\/\/trb.ba\/sr\/wp-json\/wp\/v2\/tags?post=7383"}],"curies":[{"name":"wp","href":"https:\/\/api.w.org\/{rel}","templated":true}]}}