{"id":9411,"date":"2023-06-19T13:22:30","date_gmt":"2023-06-19T13:22:30","guid":{"rendered":"https:\/\/trb.ba\/?p=9411"},"modified":"2025-02-19T14:25:59","modified_gmt":"2025-02-19T14:25:59","slug":"idef-2023","status":"publish","type":"post","link":"http:\/\/trb.ba\/sr\/idef-2023\/","title":{"rendered":"IDEF 2023"},"content":{"rendered":"<h1>IDEF 2023<\/h1>\n<p>Sajam vojne industrije IDEF odr\u017eava se od 25. do 28. jula 2023. godine i jedan je od najzna\u010dajnijih sajmova vojne industrije u ovom dijelu svijeta.<\/p>\n<p>Svake druge godine ovaj sajam pru\u017ea platformu za kompanije namjenske industrije, stru\u010dnjake i vladine zvani\u010dnike da se okupe, uspostave kontakte i istra\u017ee nove poslovne mogu\u0107nosti.<\/p>\n<p>TRB \u0107e po prvi put biti dio \u0161tanda Spoljnotrgovinske komore Bosne i Hercegovine (Hala 1\/ broj 121) te \u0107e sa jo\u0161 5 kompanija iz namjenske industrije BiH izlagati svoje proizvode i usluge.<\/p>\n<p>Tako\u0111e, ovo je prvi sajam na kome \u0107e TRB predstaviti drugu generaciju RS9 Vampir pi\u0161tolja.<\/p>\n<p>Nestrpljivo i\u0161\u010dekujemo IDEF!<\/p>\n<p><img decoding=\"async\" class=\"alignnone size-medium wp-image-9412\" src=\"http:\/\/trb.ba\/wp-content\/uploads\/2025\/02\/IDEF_2023-300x166.jpg\" alt=\"\" width=\"300\" height=\"166\" srcset=\"http:\/\/trb.ba\/wp-content\/uploads\/2025\/02\/IDEF_2023-300x166.jpg 300w, http:\/\/trb.ba\/wp-content\/uploads\/2025\/02\/IDEF_2023-768x425.jpg 768w, http:\/\/trb.ba\/wp-content\/uploads\/2025\/02\/IDEF_2023-18x10.jpg 18w, http:\/\/trb.ba\/wp-content\/uploads\/2025\/02\/IDEF_2023-750x415.jpg 750w, http:\/\/trb.ba\/wp-content\/uploads\/2025\/02\/IDEF_2023.jpg 1024w\" sizes=\"(max-width: 300px) 100vw, 300px\" \/><\/p>","protected":false},"excerpt":{"rendered":"<p>IDEF 2023 International Defence Industry Fair (IDEF) takes place from 25 to 28 July 2023 and is one of the most important military industry fairs in this part of the world. Every other year this fair provides a platform for defence industry companies, experts and government officials to get together, establish contacts and explore new [&hellip;]<\/p>","protected":false},"author":27,"featured_media":0,"comment_status":"open","ping_status":"open","sticky":false,"template":"","format":"standard","meta":{"_acf_changed":false,"footnotes":""},"categories":[1],"tags":[],"acf":[],"_links":{"self":[{"href":"http:\/\/trb.ba\/sr\/wp-json\/wp\/v2\/posts\/9411"}],"collection":[{"href":"http:\/\/trb.ba\/sr\/wp-json\/wp\/v2\/posts"}],"about":[{"href":"http:\/\/trb.ba\/sr\/wp-json\/wp\/v2\/types\/post"}],"author":[{"embeddable":true,"href":"http:\/\/trb.ba\/sr\/wp-json\/wp\/v2\/users\/27"}],"replies":[{"embeddable":true,"href":"http:\/\/trb.ba\/sr\/wp-json\/wp\/v2\/comments?post=9411"}],"version-history":[{"count":5,"href":"http:\/\/trb.ba\/sr\/wp-json\/wp\/v2\/posts\/9411\/revisions"}],"predecessor-version":[{"id":9418,"href":"http:\/\/trb.ba\/sr\/wp-json\/wp\/v2\/posts\/9411\/revisions\/9418"}],"wp:attachment":[{"href":"http:\/\/trb.ba\/sr\/wp-json\/wp\/v2\/media?parent=9411"}],"wp:term":[{"taxonomy":"category","embeddable":true,"href":"http:\/\/trb.ba\/sr\/wp-json\/wp\/v2\/categories?post=9411"},{"taxonomy":"post_tag","embeddable":true,"href":"http:\/\/trb.ba\/sr\/wp-json\/wp\/v2\/tags?post=9411"}],"curies":[{"name":"wp","href":"https:\/\/api.w.org\/{rel}","templated":true}]}}