{"id":7361,"date":"2020-11-09T14:09:39","date_gmt":"2020-11-09T14:09:39","guid":{"rendered":"https:\/\/trb.ba\/?p=7361"},"modified":"2020-11-10T07:19:07","modified_gmt":"2020-11-10T07:19:07","slug":"trb-celebrated-the-annual-patron-saints-day-saint-demetrius-and-new-despot-presented","status":"publish","type":"post","link":"http:\/\/trb.ba\/sr\/trb-celebrated-the-annual-patron-saints-day-saint-demetrius-and-new-despot-presented\/","title":{"rendered":"PROSLAVLJENA SLAVA TRB-a I PREDSTAVLJENI NOVI \u201eDESPOTI\u201c"},"content":{"rendered":"<p>Krsnu slavu na\u0161e kompanije Mitrovdan obilje\u017eili smo i ove godine, ali u u\u017eem krugu zvanica zbog epidemije virusa korona i u skladu sa propisanim mjerama za\u0161tite.<\/p>\n<p>Na ovaj zna\u010dajan datum za kompaniju,  odata je po\u010dast poginulim radnicima u proteklom ratu, u znak sje\u0107anja na njihov doprinos u odbrani firme, ognji\u0161ta i Republike Srpske.\nVijenac na spomenik poginulim radnicima u ime svih zaposlenih polo\u017eili su generalni direktor TRB-a Slaven Risti\u0107 i zamjenik generalnog direktora general Ljubi\u0161a Borov\u010danin.<\/p>\n\n\t\t<style type=\"text\/css\">\n\t\t\t#gallery-1 {\n\t\t\t\tmargin: auto;\n\t\t\t}\n\t\t\t#gallery-1 .gallery-item {\n\t\t\t\tfloat: left;\n\t\t\t\tmargin-top: 10px;\n\t\t\t\ttext-align: center;\n\t\t\t\twidth: 33%;\n\t\t\t}\n\t\t\t#gallery-1 img {\n\t\t\t\tborder: 2px solid #cfcfcf;\n\t\t\t}\n\t\t\t#gallery-1 .gallery-caption {\n\t\t\t\tmargin-left: 0;\n\t\t\t}\n\t\t\t\/* see gallery_shortcode() in wp-includes\/media.php *\/\n\t\t<\/style>\n\t\t<div id='gallery-1' class='gallery galleryid-7361 gallery-columns-3 gallery-size-thumbnail'><dl class='gallery-item'>\n\t\t\t<dt class='gallery-icon landscape'>\n\t\t\t\t<a href='http:\/\/trb.ba\/sr\/trb-celebrated-the-annual-patron-saints-day-saint-demetrius-and-new-despot-presented\/img_0252\/'><img decoding=\"async\" width=\"150\" height=\"150\" src=\"http:\/\/trb.ba\/wp-content\/uploads\/2020\/11\/IMG_0252-150x150.jpg\" class=\"attachment-thumbnail size-thumbnail\" alt=\"\" srcset=\"http:\/\/trb.ba\/wp-content\/uploads\/2020\/11\/IMG_0252-150x150.jpg 150w, http:\/\/trb.ba\/wp-content\/uploads\/2020\/11\/IMG_0252-700x700.jpg 700w, http:\/\/trb.ba\/wp-content\/uploads\/2020\/11\/IMG_0252-120x120.jpg 120w, http:\/\/trb.ba\/wp-content\/uploads\/2020\/11\/IMG_0252-24x24.jpg 24w, http:\/\/trb.ba\/wp-content\/uploads\/2020\/11\/IMG_0252-48x48.jpg 48w, http:\/\/trb.ba\/wp-content\/uploads\/2020\/11\/IMG_0252-96x96.jpg 96w, http:\/\/trb.ba\/wp-content\/uploads\/2020\/11\/IMG_0252-300x300.jpg 300w, http:\/\/trb.ba\/wp-content\/uploads\/2020\/11\/IMG_0252-75x75.jpg 75w\" sizes=\"(max-width: 150px) 100vw, 150px\" title=\"IMG_0252\" \/><\/a>\n\t\t\t<\/dt><\/dl><dl class='gallery-item'>\n\t\t\t<dt class='gallery-icon landscape'>\n\t\t\t\t<a href='http:\/\/trb.ba\/sr\/trb-celebrated-the-annual-patron-saints-day-saint-demetrius-and-new-despot-presented\/img_0341\/'><img decoding=\"async\" width=\"150\" height=\"150\" src=\"http:\/\/trb.ba\/wp-content\/uploads\/2020\/11\/IMG_0341-150x150.jpg\" class=\"attachment-thumbnail size-thumbnail\" alt=\"\" srcset=\"http:\/\/trb.ba\/wp-content\/uploads\/2020\/11\/IMG_0341-150x150.jpg 150w, http:\/\/trb.ba\/wp-content\/uploads\/2020\/11\/IMG_0341-700x700.jpg 700w, http:\/\/trb.ba\/wp-content\/uploads\/2020\/11\/IMG_0341-120x120.jpg 120w, http:\/\/trb.ba\/wp-content\/uploads\/2020\/11\/IMG_0341-24x24.jpg 24w, http:\/\/trb.ba\/wp-content\/uploads\/2020\/11\/IMG_0341-48x48.jpg 48w, http:\/\/trb.ba\/wp-content\/uploads\/2020\/11\/IMG_0341-96x96.jpg 96w, http:\/\/trb.ba\/wp-content\/uploads\/2020\/11\/IMG_0341-300x300.jpg 300w, http:\/\/trb.ba\/wp-content\/uploads\/2020\/11\/IMG_0341-75x75.jpg 75w\" sizes=\"(max-width: 150px) 100vw, 150px\" title=\"IMG_0341\" \/><\/a>\n\t\t\t<\/dt><\/dl><dl class='gallery-item'>\n\t\t\t<dt class='gallery-icon landscape'>\n\t\t\t\t<a href='http:\/\/trb.ba\/sr\/trb-celebrated-the-annual-patron-saints-day-saint-demetrius-and-new-despot-presented\/img_0356\/'><img decoding=\"async\" width=\"150\" height=\"150\" src=\"http:\/\/trb.ba\/wp-content\/uploads\/2020\/11\/IMG_0356-150x150.jpg\" class=\"attachment-thumbnail size-thumbnail\" alt=\"\" srcset=\"http:\/\/trb.ba\/wp-content\/uploads\/2020\/11\/IMG_0356-150x150.jpg 150w, http:\/\/trb.ba\/wp-content\/uploads\/2020\/11\/IMG_0356-700x700.jpg 700w, http:\/\/trb.ba\/wp-content\/uploads\/2020\/11\/IMG_0356-120x120.jpg 120w, http:\/\/trb.ba\/wp-content\/uploads\/2020\/11\/IMG_0356-24x24.jpg 24w, http:\/\/trb.ba\/wp-content\/uploads\/2020\/11\/IMG_0356-48x48.jpg 48w, http:\/\/trb.ba\/wp-content\/uploads\/2020\/11\/IMG_0356-96x96.jpg 96w, http:\/\/trb.ba\/wp-content\/uploads\/2020\/11\/IMG_0356-300x300.jpg 300w, http:\/\/trb.ba\/wp-content\/uploads\/2020\/11\/IMG_0356-75x75.jpg 75w\" sizes=\"(max-width: 150px) 100vw, 150px\" title=\"IMG_0356\" \/><\/a>\n\t\t\t<\/dt><\/dl><br style=\"clear: both\" \/>\n\t\t<\/div>\n\n<p>Predstavili smo i nova specijalizovana oklopna vozila \u201eDespot\u201c koja smo proizveli za potrebe  Ministarstva unutra\u0161njih poslova \/MUP\/ Republike Srpske. \u010cast da promotivno testira nove \u201eDespote\u201c ukazali smo ove godine ministru spoljne trgovine i ekonomskih odnosa u Savjetu ministara BiH Sta\u0161i Ko\u0161arcu.<\/p>\n<p>&nbsp;<\/p>\n\n\t\t<style type=\"text\/css\">\n\t\t\t#gallery-2 {\n\t\t\t\tmargin: auto;\n\t\t\t}\n\t\t\t#gallery-2 .gallery-item {\n\t\t\t\tfloat: left;\n\t\t\t\tmargin-top: 10px;\n\t\t\t\ttext-align: center;\n\t\t\t\twidth: 33%;\n\t\t\t}\n\t\t\t#gallery-2 img {\n\t\t\t\tborder: 2px solid #cfcfcf;\n\t\t\t}\n\t\t\t#gallery-2 .gallery-caption {\n\t\t\t\tmargin-left: 0;\n\t\t\t}\n\t\t\t\/* see gallery_shortcode() in wp-includes\/media.php *\/\n\t\t<\/style>\n\t\t<div id='gallery-2' class='gallery galleryid-7361 gallery-columns-3 gallery-size-thumbnail'><dl class='gallery-item'>\n\t\t\t<dt class='gallery-icon landscape'>\n\t\t\t\t<a href='http:\/\/trb.ba\/sr\/trb-celebrated-the-annual-patron-saints-day-saint-demetrius-and-new-despot-presented\/img_0408\/'><img loading=\"lazy\" decoding=\"async\" width=\"150\" height=\"150\" src=\"http:\/\/trb.ba\/wp-content\/uploads\/2020\/11\/IMG_0408-150x150.jpg\" class=\"attachment-thumbnail size-thumbnail\" alt=\"\" srcset=\"http:\/\/trb.ba\/wp-content\/uploads\/2020\/11\/IMG_0408-150x150.jpg 150w, http:\/\/trb.ba\/wp-content\/uploads\/2020\/11\/IMG_0408-700x700.jpg 700w, http:\/\/trb.ba\/wp-content\/uploads\/2020\/11\/IMG_0408-120x120.jpg 120w, http:\/\/trb.ba\/wp-content\/uploads\/2020\/11\/IMG_0408-24x24.jpg 24w, http:\/\/trb.ba\/wp-content\/uploads\/2020\/11\/IMG_0408-48x48.jpg 48w, http:\/\/trb.ba\/wp-content\/uploads\/2020\/11\/IMG_0408-96x96.jpg 96w, http:\/\/trb.ba\/wp-content\/uploads\/2020\/11\/IMG_0408-300x300.jpg 300w, http:\/\/trb.ba\/wp-content\/uploads\/2020\/11\/IMG_0408-75x75.jpg 75w\" sizes=\"(max-width: 150px) 100vw, 150px\" title=\"IMG_0408\" \/><\/a>\n\t\t\t<\/dt><\/dl><dl class='gallery-item'>\n\t\t\t<dt class='gallery-icon landscape'>\n\t\t\t\t<a href='http:\/\/trb.ba\/sr\/trb-celebrated-the-annual-patron-saints-day-saint-demetrius-and-new-despot-presented\/img_0414\/'><img loading=\"lazy\" decoding=\"async\" width=\"150\" height=\"150\" src=\"http:\/\/trb.ba\/wp-content\/uploads\/2020\/11\/IMG_0414-150x150.jpg\" class=\"attachment-thumbnail size-thumbnail\" alt=\"\" srcset=\"http:\/\/trb.ba\/wp-content\/uploads\/2020\/11\/IMG_0414-150x150.jpg 150w, http:\/\/trb.ba\/wp-content\/uploads\/2020\/11\/IMG_0414-700x700.jpg 700w, http:\/\/trb.ba\/wp-content\/uploads\/2020\/11\/IMG_0414-120x120.jpg 120w, http:\/\/trb.ba\/wp-content\/uploads\/2020\/11\/IMG_0414-24x24.jpg 24w, http:\/\/trb.ba\/wp-content\/uploads\/2020\/11\/IMG_0414-48x48.jpg 48w, http:\/\/trb.ba\/wp-content\/uploads\/2020\/11\/IMG_0414-96x96.jpg 96w, http:\/\/trb.ba\/wp-content\/uploads\/2020\/11\/IMG_0414-300x300.jpg 300w, http:\/\/trb.ba\/wp-content\/uploads\/2020\/11\/IMG_0414-75x75.jpg 75w\" sizes=\"(max-width: 150px) 100vw, 150px\" title=\"IMG_0414\" \/><\/a>\n\t\t\t<\/dt><\/dl><dl class='gallery-item'>\n\t\t\t<dt class='gallery-icon landscape'>\n\t\t\t\t<a href='http:\/\/trb.ba\/sr\/trb-celebrated-the-annual-patron-saints-day-saint-demetrius-and-new-despot-presented\/img_0541\/'><img loading=\"lazy\" decoding=\"async\" width=\"150\" height=\"150\" src=\"http:\/\/trb.ba\/wp-content\/uploads\/2020\/11\/IMG_0541-150x150.jpg\" class=\"attachment-thumbnail size-thumbnail\" alt=\"\" srcset=\"http:\/\/trb.ba\/wp-content\/uploads\/2020\/11\/IMG_0541-150x150.jpg 150w, http:\/\/trb.ba\/wp-content\/uploads\/2020\/11\/IMG_0541-700x700.jpg 700w, http:\/\/trb.ba\/wp-content\/uploads\/2020\/11\/IMG_0541-120x120.jpg 120w, http:\/\/trb.ba\/wp-content\/uploads\/2020\/11\/IMG_0541-24x24.jpg 24w, http:\/\/trb.ba\/wp-content\/uploads\/2020\/11\/IMG_0541-48x48.jpg 48w, http:\/\/trb.ba\/wp-content\/uploads\/2020\/11\/IMG_0541-96x96.jpg 96w, http:\/\/trb.ba\/wp-content\/uploads\/2020\/11\/IMG_0541-300x300.jpg 300w, http:\/\/trb.ba\/wp-content\/uploads\/2020\/11\/IMG_0541-75x75.jpg 75w\" sizes=\"(max-width: 150px) 100vw, 150px\" title=\"IMG_0541\" \/><\/a>\n\t\t\t<\/dt><\/dl><br style=\"clear: both\" \/>\n\t\t<\/div>\n\n<p>Generalni direktor i ve\u0107inski vlasnik TRB-a Slaven Risti\u0107 rekao je ovim povodom da se kompanija  i u ote\u017eanim uslovima poslovanja zbog pandemije virusa korona  trudi da zadr\u017ei postignuti nivo i standarde proizvodnje, da nije i ne\u0107e smanjivati broj radnika i da su se dodatno aktivirali da se prona\u0111u nova tr\u017ei\u0161ta i novi poslovi, kako bi se \u0161to  bezbolnije pro\u0161lo kroz aktuelnu situaciju.\nOn je istakao da iako je korona zna\u010dajno ote\u017eala normalno funkcionisanje, rje\u0161enje uvijek postoji, ali da li \u0107e pojedinac biti dio rje\u0161enja ili dio problema zavisi od njega samog i na\u010dina na koji vidi i sebe i svijet oko sebe.<\/p>\n<p>\u201eI u ovakvim situacijama sve je do nas samih i spremnosti da ulo\u017eimo svoju energiju i vrijeme u bitne i ispravne ciljeve, a ne prazne pri\u010de.. Za mene i na\u0161u kompaniju ljudi su kapital, ulaganje u nih, timski rad, pozitivna energija i u tom duhu nastavljamo i dalje\u201c, poru\u010dio je generalni direktor.<\/p>\n<p>Kao i svake godine i ove je su nov\u010dane nagrade dodijeljene su istaknutim pojedincima, kao i svim radnicima koji su u toku godine dobili djecu, uz poklon pakete i duple plate. Ove godine to je 12 radnika.<\/p>\n<p>&nbsp;<\/p>\n<p><span>\u00a0<\/span><\/p>","protected":false},"excerpt":{"rendered":"<p>We celebrated the annual Patron Saint&#8217;s Day Saint\u00a0Demetrius this year as well, but in a small circle of guests due to the epidemic of the corona virus and in accordance with the prescribed protection measures. On this important date for the company, a tribute was paid to the workers who died in the past war, [&hellip;]<\/p>","protected":false},"author":4,"featured_media":7367,"comment_status":"open","ping_status":"open","sticky":false,"template":"","format":"standard","meta":{"_acf_changed":false,"footnotes":""},"categories":[1],"tags":[],"acf":[],"_links":{"self":[{"href":"http:\/\/trb.ba\/sr\/wp-json\/wp\/v2\/posts\/7361"}],"collection":[{"href":"http:\/\/trb.ba\/sr\/wp-json\/wp\/v2\/posts"}],"about":[{"href":"http:\/\/trb.ba\/sr\/wp-json\/wp\/v2\/types\/post"}],"author":[{"embeddable":true,"href":"http:\/\/trb.ba\/sr\/wp-json\/wp\/v2\/users\/4"}],"replies":[{"embeddable":true,"href":"http:\/\/trb.ba\/sr\/wp-json\/wp\/v2\/comments?post=7361"}],"version-history":[{"count":0,"href":"http:\/\/trb.ba\/sr\/wp-json\/wp\/v2\/posts\/7361\/revisions"}],"wp:featuredmedia":[{"embeddable":true,"href":"http:\/\/trb.ba\/sr\/wp-json\/wp\/v2\/media\/7367"}],"wp:attachment":[{"href":"http:\/\/trb.ba\/sr\/wp-json\/wp\/v2\/media?parent=7361"}],"wp:term":[{"taxonomy":"category","embeddable":true,"href":"http:\/\/trb.ba\/sr\/wp-json\/wp\/v2\/categories?post=7361"},{"taxonomy":"post_tag","embeddable":true,"href":"http:\/\/trb.ba\/sr\/wp-json\/wp\/v2\/tags?post=7361"}],"curies":[{"name":"wp","href":"https:\/\/api.w.org\/{rel}","templated":true}]}}